{"id":2407,"date":"2024-02-02T08:43:55","date_gmt":"2024-02-02T07:43:55","guid":{"rendered":"https:\/\/www.gomezcruzado.com\/?p=2407"},"modified":"2024-10-17T13:12:00","modified_gmt":"2024-10-17T12:12:00","slug":"nos-ponemos-en-marcha-iniciamos-la-temporada-de-ferias","status":"publish","type":"post","link":"https:\/\/www.gomezcruzado.com\/en\/noticias\/nos-ponemos-en-marcha-iniciamos-la-temporada-de-ferias\/","title":{"rendered":"NOS PONEMOS EN MARCHA, INICIAMOS LA TEMPORADA DE FERIAS"},"content":{"rendered":"\n<p>En Bodegas G\u00f3mez Cruzado nos ponemos ya en marcha de cara a la inminente temporada de ferias del sector vitivin\u00edcola tanto a nivel nacional como internacional. Una serie de encuentros que nos permitir\u00e1n afianzar relaciones con distribuidores tanto nacionales como internacionales, explorar nuevas posibilidades y oportunidades y pulsar la situaci\u00f3n real del sector de cara a los pr\u00f3ximos a\u00f1os.<\/p>\n\n\n\n<p>Nuestra agenda se inicia con Barcelona Wine Week, tras la cual nos desplazaremos al evento de Tim Atkin en Londres, donde presentar\u00e1 su Rioja Report 2024 y finalizaremos este primer periplo del a\u00f1o en Prowein, D\u00fcsseldorf. En cada uno de estos eventos, adem\u00e1s de la labor comercial esperamos compartir nuestra pasi\u00f3n por el vino y, al mismo tiempo, permanecer al tanto de las tendencias que est\u00e1n moldeando el futuro del vino.<\/p>\n\n\n\n<div style=\"height:46px\" aria-hidden=\"true\" class=\"wp-block-spacer\"><\/div>\n\n\n\n<h3 class=\"wp-block-heading\"><strong>Barcelona Wine Week (BWW)<\/strong><\/h3>\n\n\n\n<ul class=\"wp-block-list\">\n<li><strong>5-7 de Febrero<\/strong><\/li>\n\n\n\n<li><strong>Pabell\u00f3n 8, Calle C, Stand 497<\/strong><\/li>\n<\/ul>\n\n\n\n<p>Nuestro viaje comienza de manera inmediata en <a href=\"http:\/\/www.barcelonawineweek.com\" data-type=\"link\" data-id=\"www.barcelonawineweek.com\" target=\"_blank\" rel=\"noreferrer noopener\">Barcelona Wine Week<\/a>, un evento que se ha consolidado como un punto de encuentro esencial para el sector vin\u00edcola nacional. Estaremos presentes con nuestro propio stand con la intenci\u00f3n de reforzar lazos con nuestros socios comerciales en al \u00e1mbito nacional e internacional y descubrir nuevas posibilidades de colaboraci\u00f3n.<br><\/p>\n\n\n\n<hr class=\"wp-block-separator has-text-color has-alpha-channel-opacity has-background is-style-dots\" style=\"background-color:#a5a5a5;color:#a5a5a5\"\/>\n\n\n\n<div style=\"height:61px\" aria-hidden=\"true\" class=\"wp-block-spacer\"><\/div>\n\n\n\n<h3 class=\"wp-block-heading\"><strong>Tim Atkin<\/strong><\/h3>\n\n\n\n<ul class=\"wp-block-list\">\n<li><strong>13 de Febrero<\/strong><\/li>\n\n\n\n<li><strong>The Great Hall<\/strong><\/li>\n\n\n\n<li><strong>Westminster, Londres<\/strong><\/li>\n\n\n\n<li><strong>SW1P 3AA, STAND 29<\/strong><\/li>\n<\/ul>\n\n\n\n<p>Continuamos nuestra ruta en Londres, participando en el evento organizado por <a href=\"https:\/\/timatkin.com\/\" target=\"_blank\" rel=\"noreferrer noopener\">Tim Atkin<\/a>, coincidiendo con la publicaci\u00f3n del Rioja Report 2024. Este evento nos brinda una excelente plataforma para reforzar nuestro posicionamiento y pulsar la situaci\u00f3n real del sector dado que, aunque orientado inicialmente para profesionales, se abre posteriormente al p\u00fablico general.<br><\/p>\n\n\n\n<hr class=\"wp-block-separator has-text-color has-alpha-channel-opacity has-background is-style-dots\" style=\"background-color:#a5a5a5;color:#a5a5a5\"\/>\n\n\n\n<h3 class=\"wp-block-heading\"><strong>Prowein<\/strong><\/h3>\n\n\n\n<ul class=\"wp-block-list\">\n<li><strong>10-12 de Marzo<\/strong><\/li>\n\n\n\n<li><strong>Dusseldorf, Alemania<\/strong><\/li>\n\n\n\n<li><strong>Halle 4 A 02<\/strong><\/li>\n<\/ul>\n\n\n\n<p>Ya en marzo, nuestra actividad nos llevar\u00e1 hasta <a href=\"https:\/\/www.prowein.es\/\" target=\"_blank\" rel=\"noreferrer noopener\">Prowein<\/a>, uno de los eventos m\u00e1s significativos para el sector a nivel mundial, donde buscamos afianzar nuestra posici\u00f3n en el mercado internacional, explorando nuevas v\u00edas de negocio y colaboraci\u00f3n.<\/p>\n\n\n\n<p>Nuestra presencia ser\u00e1 visible junto a nuestro importador alem\u00e1n, <a href=\"https:\/\/viniberica.com\/\" target=\"_blank\" rel=\"noreferrer noopener\">Viniberica<\/a>, adem\u00e1s de contar con un espacio en la zona dedicada a la Denominaci\u00f3n de Origen Calificada Rioja, donde podr\u00e1n degustarse y catarse nuestros vinos y participaremos en el Seminario impartido por el MW Mike Best.&nbsp;<br><\/p>\n\n\n\n<hr class=\"wp-block-separator has-text-color has-alpha-channel-opacity has-background is-style-dots\" style=\"background-color:#a5a5a5;color:#a5a5a5\"\/>\n","protected":false},"excerpt":{"rendered":"<p>En apenas un mes tendremos presencia en Barcelona Wine Week, en el evento de Tim Atkin en Londres y en Prowein D\u00fcsseldorf.<\/p>\n","protected":false},"author":1,"featured_media":265,"comment_status":"closed","ping_status":"closed","sticky":false,"template":"","format":"standard","meta":{"_acf_changed":false,"footnotes":""},"categories":[26],"tags":[],"class_list":["post-2407","post","type-post","status-publish","format-standard","has-post-thumbnail","hentry","category-noticias"],"acf":[],"_links":{"self":[{"href":"https:\/\/www.gomezcruzado.com\/en\/wp-json\/wp\/v2\/posts\/2407","targetHints":{"allow":["GET"]}}],"collection":[{"href":"https:\/\/www.gomezcruzado.com\/en\/wp-json\/wp\/v2\/posts"}],"about":[{"href":"https:\/\/www.gomezcruzado.com\/en\/wp-json\/wp\/v2\/types\/post"}],"author":[{"embeddable":true,"href":"https:\/\/www.gomezcruzado.com\/en\/wp-json\/wp\/v2\/users\/1"}],"replies":[{"embeddable":true,"href":"https:\/\/www.gomezcruzado.com\/en\/wp-json\/wp\/v2\/comments?post=2407"}],"version-history":[{"count":21,"href":"https:\/\/www.gomezcruzado.com\/en\/wp-json\/wp\/v2\/posts\/2407\/revisions"}],"predecessor-version":[{"id":2799,"href":"https:\/\/www.gomezcruzado.com\/en\/wp-json\/wp\/v2\/posts\/2407\/revisions\/2799"}],"wp:featuredmedia":[{"embeddable":true,"href":"https:\/\/www.gomezcruzado.com\/en\/wp-json\/wp\/v2\/media\/265"}],"wp:attachment":[{"href":"https:\/\/www.gomezcruzado.com\/en\/wp-json\/wp\/v2\/media?parent=2407"}],"wp:term":[{"taxonomy":"category","embeddable":true,"href":"https:\/\/www.gomezcruzado.com\/en\/wp-json\/wp\/v2\/categories?post=2407"},{"taxonomy":"post_tag","embeddable":true,"href":"https:\/\/www.gomezcruzado.com\/en\/wp-json\/wp\/v2\/tags?post=2407"}],"curies":[{"name":"wp","href":"https:\/\/api.w.org\/{rel}","templated":true}]}}