{"id":2757,"date":"2024-10-17T11:35:44","date_gmt":"2024-10-17T10:35:44","guid":{"rendered":"https:\/\/www.gomezcruzado.com\/?p=2757"},"modified":"2024-10-28T06:16:14","modified_gmt":"2024-10-28T05:16:14","slug":"bodegas-gomez-cruzado-inicia-la-ampliacion-de-sus-instalaciones-en-el-barrio-de-la-estacion","status":"publish","type":"post","link":"https:\/\/www.gomezcruzado.com\/en\/noticias\/bodegas-gomez-cruzado-inicia-la-ampliacion-de-sus-instalaciones-en-el-barrio-de-la-estacion\/","title":{"rendered":"Bodegas G\u00f3mez Cruzado inicia la ampliaci\u00f3n de sus instalaciones en el Barrio de la Estaci\u00f3n"},"content":{"rendered":"\n<p><strong>G\u00f3mez Cruzado, <\/strong>situada en el hist\u00f3rico Barrio de la Estaci\u00f3n de Haro, ha puesto la primera piedra de la ampliaci\u00f3n de sus instalaciones, marcando un hito en su historia centenaria. Con esta inversi\u00f3n, la bodega busca no solo mejorar sus procesos, sino tambi\u00e9n asegurar que cada botella que elabora mantenga el sello de calidad que ha sido el alma de la casa <strong>desde su fundaci\u00f3n en 1886.<\/strong><\/p>\n\n\n\n<figure class=\"wp-block-video\"><video controls poster=\"https:\/\/www.gomezcruzado.com\/wp-content\/uploads\/2024\/10\/GC-InicioObra-ExportVideo-002.jpg\" src=\"https:\/\/gomezcruzado.com\/wp-content\/uploads\/etc\/GomezCruzado-IncioObra-06_2024.mp4\"><\/video><\/figure>\n\n\n\n<p>Durante la \u00faltima d\u00e9cada, G\u00f3mez Cruzado ha centrado sus esfuerzos en revitalizar la esencia de la bodega, culminando un proyecto que se inici\u00f3 en 2013 y que ha permitido, entre otras cosas, <strong>la recuperaci\u00f3n de vi\u00f1edos \u00fanicos y el fortalecimiento de la conexi\u00f3n con el terru\u00f1o.<\/strong><\/p>\n\n\n\n<p>En 2017 inician la compra de vi\u00f1edo en propiedad con la adquisici\u00f3n de \u201cLas Laderas de Ollauri\u201d. Una parcela centenaria de la que hoy elaboran algunos de los vinos m\u00e1s especiales de la casa.&nbsp;<\/p>\n\n\n\n<p>Contin\u00faan en 2022 centr\u00e1ndose en la b\u00fasqueda de peque\u00f1as parcelas en el Alto Najerilla; vi\u00f1edos cargados de historia y singularidad que forman parte de la visi\u00f3n de futuro de G\u00f3mez Cruzado. <strong>Donde cada vi\u00f1a tiene una historia que contar y la elaboraci\u00f3n de vinos sigue un riguroso respeto por el origen.<\/strong><\/p>\n\n\n\n<p>El proyecto se llevar\u00e1 a cabo sobre la parcela de 1.800 metros cuadrados contigua a las instalaciones actuales y que la bodega adquiri\u00f3 en 2021. \u00c9ste ha sido dise\u00f1ado por el director t\u00e9cnico de la bodega, Juan Bautista S\u00e1enz P\u00e9rez en colaboraci\u00f3n con Arquitelia. El objetivo principal es la mejora de sus instalaciones para continuar avanzando en esta nueva etapa, manteniendo la calidad como <strong>pilar fundamental de G\u00f3mez Cruzado.<\/strong><\/p>\n\n\n\n<figure class=\"wp-block-image size-large\"><img loading=\"lazy\" decoding=\"async\" width=\"1024\" height=\"573\" src=\"https:\/\/www.gomezcruzado.com\/wp-content\/uploads\/2024\/10\/GC-InicioObra-ExportVideo-00002-comp-1024x573.jpg\" alt=\"Vista a\u00e9rea inicio de obra\" class=\"wp-image-2761\" srcset=\"https:\/\/www.gomezcruzado.com\/wp-content\/uploads\/2024\/10\/GC-InicioObra-ExportVideo-00002-comp-1024x573.jpg 1024w, https:\/\/www.gomezcruzado.com\/wp-content\/uploads\/2024\/10\/GC-InicioObra-ExportVideo-00002-comp-300x168.jpg 300w, https:\/\/www.gomezcruzado.com\/wp-content\/uploads\/2024\/10\/GC-InicioObra-ExportVideo-00002-comp-768x430.jpg 768w, https:\/\/www.gomezcruzado.com\/wp-content\/uploads\/2024\/10\/GC-InicioObra-ExportVideo-00002-comp-600x336.jpg 600w, https:\/\/www.gomezcruzado.com\/wp-content\/uploads\/2024\/10\/GC-InicioObra-ExportVideo-00002-comp-1000x559.jpg 1000w, https:\/\/www.gomezcruzado.com\/wp-content\/uploads\/2024\/10\/GC-InicioObra-ExportVideo-00002-comp.jpg 1280w\" sizes=\"auto, (max-width: 1024px) 100vw, 1024px\" \/><\/figure>\n\n\n\n<p>La ampliaci\u00f3n cubrir\u00e1 un total de 3.000 metros cuadrados, que incluir\u00e1n una nueva sala de barricas y botellero en el s\u00f3tano. Por otro lado la planta en superficie se destinar\u00e1 a la elaboraci\u00f3n en peque\u00f1os dep\u00f3sitos y tinas, lo que permitir\u00e1 trabajar con <strong>una mayor precisi\u00f3n respetando la identidad de cada parcela. <\/strong>Las obras, recientemente iniciadas, cuentan con una inversi\u00f3n de 4,5 millones de euros y se prev\u00e9 est\u00e9n concluidas en septiembre de 2025.<\/p>\n\n\n\n<figure class=\"wp-block-video\"><video controls poster=\"https:\/\/www.gomezcruzado.com\/wp-content\/uploads\/2024\/10\/GC-InicioObra-ExportVideo-001.jpg\" src=\"https:\/\/gomezcruzado.com\/wp-content\/uploads\/etc\/GomezCruzado-IncioObra-13_09_2024.mp4\"><\/video><\/figure>\n\n\n\n<p>Desde sus or\u00edgenes en 1886 G\u00f3mez Cruzado ha sido <strong>testigo y part\u00edcipe de la historia moderna del vino de Rioja. <\/strong>Con el cambio de siglo, llega a manos de los actuales propietarios, la familia Ba\u00f1os originaria del pueblo riojano de Badar\u00e1n, recuperando <strong>as\u00ed su car\u00e1cter familiar.<\/strong><\/p>\n\n\n\n<p>Actualmente, bajo la Direcci\u00f3n T\u00e9cnica de Juan Bautista y el joven equipo que le rodea, G\u00f3mez Cruzado sigue manteniendo el perfil de sus vinos y, lo que es m\u00e1s importante, la filosof\u00eda que le ha tra\u00eddo hasta aqu\u00ed: <strong>el respeto por la tierra, el vi\u00f1edo y la tradici\u00f3n, con la mirada siempre puesta en el futuro.<\/strong><\/p>\n","protected":false},"excerpt":{"rendered":"<p>La obra incluye una nueva nave de barricas y una sala de elaboraci\u00f3n en peque\u00f1os dep\u00f3sitos para trabajar con mayor precisi\u00f3n cada vi\u00f1edo.<\/p>\n","protected":false},"author":1,"featured_media":2778,"comment_status":"closed","ping_status":"closed","sticky":false,"template":"","format":"standard","meta":{"_acf_changed":false,"footnotes":""},"categories":[26],"tags":[],"class_list":["post-2757","post","type-post","status-publish","format-standard","has-post-thumbnail","hentry","category-noticias"],"acf":[],"_links":{"self":[{"href":"https:\/\/www.gomezcruzado.com\/en\/wp-json\/wp\/v2\/posts\/2757","targetHints":{"allow":["GET"]}}],"collection":[{"href":"https:\/\/www.gomezcruzado.com\/en\/wp-json\/wp\/v2\/posts"}],"about":[{"href":"https:\/\/www.gomezcruzado.com\/en\/wp-json\/wp\/v2\/types\/post"}],"author":[{"embeddable":true,"href":"https:\/\/www.gomezcruzado.com\/en\/wp-json\/wp\/v2\/users\/1"}],"replies":[{"embeddable":true,"href":"https:\/\/www.gomezcruzado.com\/en\/wp-json\/wp\/v2\/comments?post=2757"}],"version-history":[{"count":8,"href":"https:\/\/www.gomezcruzado.com\/en\/wp-json\/wp\/v2\/posts\/2757\/revisions"}],"predecessor-version":[{"id":2839,"href":"https:\/\/www.gomezcruzado.com\/en\/wp-json\/wp\/v2\/posts\/2757\/revisions\/2839"}],"wp:featuredmedia":[{"embeddable":true,"href":"https:\/\/www.gomezcruzado.com\/en\/wp-json\/wp\/v2\/media\/2778"}],"wp:attachment":[{"href":"https:\/\/www.gomezcruzado.com\/en\/wp-json\/wp\/v2\/media?parent=2757"}],"wp:term":[{"taxonomy":"category","embeddable":true,"href":"https:\/\/www.gomezcruzado.com\/en\/wp-json\/wp\/v2\/categories?post=2757"},{"taxonomy":"post_tag","embeddable":true,"href":"https:\/\/www.gomezcruzado.com\/en\/wp-json\/wp\/v2\/tags?post=2757"}],"curies":[{"name":"wp","href":"https:\/\/api.w.org\/{rel}","templated":true}]}}