{"id":2785,"date":"2024-10-02T11:45:45","date_gmt":"2024-10-02T10:45:45","guid":{"rendered":"https:\/\/www.gomezcruzado.com\/?p=2785"},"modified":"2024-10-17T13:10:10","modified_gmt":"2024-10-17T12:10:10","slug":"el-barrio-de-la-estacion-presenta-su-revista-digital-para-ensalzar-la-cultura-del-vino-y-la-gastronomia","status":"publish","type":"post","link":"https:\/\/www.gomezcruzado.com\/en\/noticias\/el-barrio-de-la-estacion-presenta-su-revista-digital-para-ensalzar-la-cultura-del-vino-y-la-gastronomia\/","title":{"rendered":"El Barrio de la Estaci\u00f3n presenta su revista digital para ensalzar la cultura del vino y la gastronom\u00eda"},"content":{"rendered":"\n<p><strong>El Barrio de la Estaci\u00f3n, la mayor concentraci\u00f3n de bodegas centenarias del mundo y un referente en la cultura vitivinicola, acaba de presentar el primer numero de Barrio Estaci\u00f3n Magazine, que nace precisamente para ensalzar y promover esa cultura del vino y la gastronom\u00eda.<\/strong><\/p>\n\n\n\n<p>Para inaugurar esta iniciativa, la revista centra su primer n\u00famero en <strong>La Cata del Barrio de La Estaci\u00f3n<\/strong>, el acontecimiento que ha consolidado a Haro como destino enotur\u00edstico. La Asociaci\u00f3n del Barrio de la Estaci\u00f3n, integrada por Bodegas Bilba\u00ednas-Vi\u00f1a Pomal, CVNE, Muga,La Rioja Alta, Bodegas RODA y Bodegas G\u00f3mez Cruzado, pretende as\u00ed rememorar a trav\u00e9s de reportajes, entrevistas y material audiovisual, la experiencia vivida el pasado 15 de junio de 2024 en Haro.<\/p>\n\n\n\n<p>Adem\u00e1s de recordar todo lo que ocurri\u00f3 aquel d\u00eda, <strong><em>Barrio Estaci\u00f3n Magazine<\/em><\/strong> dedica un espacio a los <strong>Maquinistas<\/strong> que desde 2015 hasta la fecha han sido embajadores del evento y han conducido la cata magistral: Tim Atkin, Pedro Ballesteros, Sarah Jane Evans (los tres, Master of Wine9, Josep Roca (sumiller de Can Roca) y Luis Guti\u00e9rrez (cr\u00edtico de Wine Advocate). Guti\u00e9rrez precisamente protagoniza una amplia entrevista en este primer n\u00famero.<\/p>\n\n\n\n<p><strong><em>Barrio Estaci\u00f3n Magazine<\/em><\/strong> dedica varias p\u00e1ginas a la Cata Magistral celebrada durante el evento, mientras que en el apartado <strong>En Primera Persona<\/strong> presenta a los bodegueros junto a los cocineros y cocineras que ofrecieron sus creaciones gastron\u00f3micas durante el evento.<\/p>\n\n\n\n<figure class=\"wp-block-image size-large\"><img loading=\"lazy\" decoding=\"async\" width=\"1024\" height=\"598\" src=\"https:\/\/www.gomezcruzado.com\/wp-content\/uploads\/2024\/10\/NdP-El-Barrio-de-la-Estacion-presenta-su-revista-digital-03-comp-1024x598.jpg\" alt=\"\" class=\"wp-image-2792\" srcset=\"https:\/\/www.gomezcruzado.com\/wp-content\/uploads\/2024\/10\/NdP-El-Barrio-de-la-Estacion-presenta-su-revista-digital-03-comp-1024x598.jpg 1024w, https:\/\/www.gomezcruzado.com\/wp-content\/uploads\/2024\/10\/NdP-El-Barrio-de-la-Estacion-presenta-su-revista-digital-03-comp-300x175.jpg 300w, https:\/\/www.gomezcruzado.com\/wp-content\/uploads\/2024\/10\/NdP-El-Barrio-de-la-Estacion-presenta-su-revista-digital-03-comp-768x449.jpg 768w, https:\/\/www.gomezcruzado.com\/wp-content\/uploads\/2024\/10\/NdP-El-Barrio-de-la-Estacion-presenta-su-revista-digital-03-comp-1536x898.jpg 1536w, https:\/\/www.gomezcruzado.com\/wp-content\/uploads\/2024\/10\/NdP-El-Barrio-de-la-Estacion-presenta-su-revista-digital-03-comp-600x351.jpg 600w, https:\/\/www.gomezcruzado.com\/wp-content\/uploads\/2024\/10\/NdP-El-Barrio-de-la-Estacion-presenta-su-revista-digital-03-comp-1000x584.jpg 1000w, https:\/\/www.gomezcruzado.com\/wp-content\/uploads\/2024\/10\/NdP-El-Barrio-de-la-Estacion-presenta-su-revista-digital-03-comp.jpg 1838w\" sizes=\"auto, (max-width: 1024px) 100vw, 1024px\" \/><\/figure>\n\n\n\n<p>La publicaci\u00f3n tambi\u00e9n tiene su espacio para el an\u00e1lisis y para presentar a los equipos de hospitalidad de cada bodega, que cada a\u00f1o reciben a m\u00e1s de 160.000 visitantes de m\u00e1s de treinta nacionalidades. Todo ello, completa una atractiva revista digital que nace con car\u00e1cter anual y que ya se puede disfrutar <a href=\"https:\/\/www.barrioestacion.com\/barrio-estacion-magazine\/\">aqui<\/a>.<\/p>\n","protected":false},"excerpt":{"rendered":"<p>El primer n\u00famero de la publicaci\u00f3n, en formato digital y con car\u00e1cter anual, se centra en la \u00faltima edici\u00f3n de la Cata del Barrio de la Estaci\u00f3n.<\/p>\n","protected":false},"author":1,"featured_media":2787,"comment_status":"closed","ping_status":"closed","sticky":false,"template":"","format":"standard","meta":{"_acf_changed":false,"footnotes":""},"categories":[26],"tags":[],"class_list":["post-2785","post","type-post","status-publish","format-standard","has-post-thumbnail","hentry","category-noticias"],"acf":[],"_links":{"self":[{"href":"https:\/\/www.gomezcruzado.com\/en\/wp-json\/wp\/v2\/posts\/2785","targetHints":{"allow":["GET"]}}],"collection":[{"href":"https:\/\/www.gomezcruzado.com\/en\/wp-json\/wp\/v2\/posts"}],"about":[{"href":"https:\/\/www.gomezcruzado.com\/en\/wp-json\/wp\/v2\/types\/post"}],"author":[{"embeddable":true,"href":"https:\/\/www.gomezcruzado.com\/en\/wp-json\/wp\/v2\/users\/1"}],"replies":[{"embeddable":true,"href":"https:\/\/www.gomezcruzado.com\/en\/wp-json\/wp\/v2\/comments?post=2785"}],"version-history":[{"count":5,"href":"https:\/\/www.gomezcruzado.com\/en\/wp-json\/wp\/v2\/posts\/2785\/revisions"}],"predecessor-version":[{"id":2797,"href":"https:\/\/www.gomezcruzado.com\/en\/wp-json\/wp\/v2\/posts\/2785\/revisions\/2797"}],"wp:featuredmedia":[{"embeddable":true,"href":"https:\/\/www.gomezcruzado.com\/en\/wp-json\/wp\/v2\/media\/2787"}],"wp:attachment":[{"href":"https:\/\/www.gomezcruzado.com\/en\/wp-json\/wp\/v2\/media?parent=2785"}],"wp:term":[{"taxonomy":"category","embeddable":true,"href":"https:\/\/www.gomezcruzado.com\/en\/wp-json\/wp\/v2\/categories?post=2785"},{"taxonomy":"post_tag","embeddable":true,"href":"https:\/\/www.gomezcruzado.com\/en\/wp-json\/wp\/v2\/tags?post=2785"}],"curies":[{"name":"wp","href":"https:\/\/api.w.org\/{rel}","templated":true}]}}