{"id":609,"date":"2020-02-14T23:25:00","date_gmt":"2020-02-14T23:25:00","guid":{"rendered":"http:\/\/www.gomezcruzado.com\/?p=609"},"modified":"2021-03-19T05:55:55","modified_gmt":"2021-03-19T05:55:55","slug":"rioja-2020-special-report-por-tim-atkim","status":"publish","type":"post","link":"https:\/\/www.gomezcruzado.com\/en\/noticias\/rioja-2020-special-report-por-tim-atkim\/","title":{"rendered":"RIOJA 2020 SPECIAL REPORT POR TIM ATKIM"},"content":{"rendered":"\n<p>Con este optimismo comienza el quinto informe sobre Rioja que cada a\u00f1o elabora el periodista y MW Tim Atkin que, con su sistema de clasificaci\u00f3n inspirado en el de Burdeos de 1855, vuelve a seleccionar los que para \u00e9l son los mejores productores y vinos de Rioja y en el que\u00a0<em>\u201cla calidad es el \u00fanico criterio\u201d<\/em>. En esta nueva edici\u00f3n, donde ha catado 1.228 vinos, ha vuelto a poner en valor el proyecto de\u00a0<strong>G\u00d3MEZ CRUZADO consolidando a la\u00a0<a href=\"http:\/\/www.gomezcruzado.com\/bodega-de-rioja\/es\">centenaria bodega<\/a>\u00a0como \u201cSecond Growth\u201d<\/strong>\u00a0y situando un a\u00f1o m\u00e1s los vinos de la\u00a0<a href=\"http:\/\/www.gomezcruzado.com\/vinos-de-rioja\/seleccion-terroir\/es\"><strong>SELECCI\u00d3N TERROIR\u00a0<\/strong><\/a>(<strong>CERRO LAS CUEVAS, PANCRUDO y MONTES OBARENES<\/strong>) entre los mejores del a\u00f1o y manteniendo todas las referencias con puntuaciones entre los 90 y 96 puntos.<\/p>\n\n\n\n<p>Atkin, que valora positivamente que Rioja est\u00e1 empezando a focalizar\u00a0<em>\u201cla atenci\u00f3n en el vi\u00f1edo y no tanto en los tiempos de crianza y la barrica\u201d<\/em>, subraya que\u00a0<em>\u201cparece estar viviendo uno de sus mejores momentos\u201d<\/em>\u00a0y considera que \u201c<em>vino a vino, vi\u00f1edo a vi\u00f1edo\u201d,<\/em> se est\u00e1 consolidando como\u00a0<em>\u201cuna de las grandes regiones vin\u00edcolas del mundo\u201d.<\/em><\/p>\n\n\n\n<p>En esta nueva edici\u00f3n de su Rioja Report,\u00a0<a href=\"http:\/\/www.gomezcruzado.com\/vinos-de-rioja\/seleccion-terroir\/cerro-las-cuevas\/11\/es\"><strong>CERRO LAS CUEVAS 2017<\/strong><\/a>\u00a0 es uno de los vinos m\u00e1s destacados de la bodega del Barrio de la Estaci\u00f3n con 96 puntos, resaltando su\u00a0<em>\u201cbrillante trabajo enol\u00f3gico\u201d\u00a0<\/em>en esta a\u00f1ada que\u00a0<em>\u201cpor primera vez se elabora con la uva procedente del vi\u00f1edo de 2,5 hect\u00e1reas que la bodega posee en Ollauri\u201d.\u00a0<\/em><a href=\"http:\/\/www.gomezcruzado.com\/vinos-de-rioja\/seleccion-terroir\/pancrudo\/4\/es\"><strong>PANCRUDO 2017<\/strong><\/a>\u00a0obtiene la misma puntuaci\u00f3n (96) por su\u00a0<em>\u201cexpresi\u00f3n de la frescura de cepas viejas a 650 metros\u201d<\/em>provenientes de la zona del Alto Najerilla,\u00a0<em>\u201cuno de los lugares con mayor concentraci\u00f3n de vi\u00f1edo viejo donde las cepas centenarias no son en absoluto una excepci\u00f3n\u201d.\u00a0<\/em><a href=\"http:\/\/www.gomezcruzado.com\/vinos-de-rioja\/seleccion-terroir\/montes-obarenes\/12\/es\"><strong>MONTES OBARENES 2016<\/strong><\/a>\u00a0(95), la redefinici\u00f3n de los blancos cl\u00e1sicos de la bodega, por su parte, vuelve a ser destacado en la categor\u00eda por su estilo\u00a0<em>\u201criojano-borgo\u00f1\u00f3n\u201d y por ser \u201crico, intenso y pedroso\u201d.\u00a0<\/em>De <strong><a href=\"http:\/\/www.gomezcruzado.com\/vinos-de-rioja\/familia-gomez-cruzado\/honorable\/3\/es\">HONORABLE 2015<\/a><\/strong> (94) la marca m\u00e1s emblem\u00e1tica de la casa que se elabora con 20 parcelas situadas a lo largo de la falda de la Sierra Cantabria, destaca lo\u00a0<em>\u201cbien que envejece en botella\u201d<\/em>\u00a0y su\u00a0<em>\u201cestilo fresco y perfumado\u201d<\/em>\u00a0que expresa\u00a0<em>\u201cla riqueza y la fuerza de una a\u00f1ada c\u00e1lida\u201d<\/em>.<\/p>\n\n\n\n<p>El&nbsp;<a href=\"http:\/\/www.gomezcruzado.com\/vinos-de-rioja\/familia-gomez-cruzado\/blanco\/1\/es\"><strong>BLANCO SEGUNDO A\u00d1O 2018<\/strong><\/a>&nbsp;(92) se beneficia del&nbsp;<em>\u201cestilo Atl\u00e1ntico de la a\u00f1ada\u201d,<\/em>el&nbsp;<a href=\"http:\/\/www.gomezcruzado.com\/vinos-de-rioja\/familia-gomez-cruzado\/crianza\/2\/es\"><strong>CRIANZA 2016<\/strong>&nbsp;<\/a>(91) es destacado por su \u201c<em>frescura y acidez\u201d<\/em>&nbsp;y por ser&nbsp;<em>\u201cmoderno pero con matices cl\u00e1sicos\u201d,<\/em>&nbsp;mientras que el&nbsp;<a href=\"http:\/\/www.gomezcruzado.com\/vinos-de-rioja\/familia-gomez-cruzado\/reserva\/5\/es\"><strong>RESERVA 2013<\/strong><\/a>&nbsp;(91), siendo&nbsp;<em>\u201cel m\u00e1s cl\u00e1sico de la gama\u201d,<\/em>&nbsp;se muestra&nbsp;<em>\u201cligero y bals\u00e1mico&nbsp;<\/em>y<em>\u201d beneficiado en esta ocasi\u00f3n por la aportaci\u00f3n de las uvas que generalmente se utilizan para Honorable en la complicada a\u00f1ada 2013\u201d<\/em><\/p>\n\n\n\n<p>El periodista brit\u00e1nico, con su mirada cr\u00edtica a la vez que constructiva, y con la experiencia de quien lleva visitando la zona y catando sus vinos m\u00e1s de 30 a\u00f1os, valora muy positivamente el presente de la regi\u00f3n, insistiendo en la creciente e imparable importancia del \u201cterroir\u201d y la riqueza de la Rioja de los Mil Vinos, t\u00e9rmino que, en su opini\u00f3n,&nbsp;<em>\u201cse queda corto\u201d.<\/em>&nbsp;Tim Atkin apuesta tambi\u00e9n por una mayor diversidad varietal, haciendo hincapi\u00e9 en el potencial de la Garnacha, y ve el calentamiento global como el gran reto al que debe enfrentarse la viticultura riojana, donde hay zonas en los que los cambios en los \u00faltimos a\u00f1os son ya evidentes. Mirando hacia el futuro considera que Rioja debe explotar m\u00e1s y mejor el enoturismo ya que sus paisajes son tan \u201c<em>dram\u00e1ticos<\/em>\u201d y atractivos como el de los mejores destinos del mundo y el camino deben ser las sinergias ya que&nbsp;<em>\u201calgunos proyectos como el Barrio de la Estaci\u00f3n ya han demostrado, que trabajar conjuntamente es la mejor manera de promocionar el destino tanto dentro como fuera\u201d.&nbsp;<\/em>En todo caso, con esa sonrisa dibujada en la cara de la regi\u00f3n con la que comienza su informe, el MW afirma que \u201clos mejores a\u00f1os de Rioja a\u00fan est\u00e1n por venir\u201d.<\/p>\n","protected":false},"excerpt":{"rendered":"<p>\u201cNo hay nada como una buena cosecha para dibujar una sonrisa en el rostro de una regi\u00f3n vin\u00edcola, y 2019 parece la a\u00f1ada que Rioja ha estado esperando desde 2010\u201d.<\/p>\n","protected":false},"author":1,"featured_media":610,"comment_status":"open","ping_status":"open","sticky":false,"template":"","format":"standard","meta":{"_acf_changed":false,"footnotes":""},"categories":[26],"tags":[],"class_list":["post-609","post","type-post","status-publish","format-standard","has-post-thumbnail","hentry","category-noticias"],"acf":[],"_links":{"self":[{"href":"https:\/\/www.gomezcruzado.com\/en\/wp-json\/wp\/v2\/posts\/609","targetHints":{"allow":["GET"]}}],"collection":[{"href":"https:\/\/www.gomezcruzado.com\/en\/wp-json\/wp\/v2\/posts"}],"about":[{"href":"https:\/\/www.gomezcruzado.com\/en\/wp-json\/wp\/v2\/types\/post"}],"author":[{"embeddable":true,"href":"https:\/\/www.gomezcruzado.com\/en\/wp-json\/wp\/v2\/users\/1"}],"replies":[{"embeddable":true,"href":"https:\/\/www.gomezcruzado.com\/en\/wp-json\/wp\/v2\/comments?post=609"}],"version-history":[{"count":3,"href":"https:\/\/www.gomezcruzado.com\/en\/wp-json\/wp\/v2\/posts\/609\/revisions"}],"predecessor-version":[{"id":1048,"href":"https:\/\/www.gomezcruzado.com\/en\/wp-json\/wp\/v2\/posts\/609\/revisions\/1048"}],"wp:featuredmedia":[{"embeddable":true,"href":"https:\/\/www.gomezcruzado.com\/en\/wp-json\/wp\/v2\/media\/610"}],"wp:attachment":[{"href":"https:\/\/www.gomezcruzado.com\/en\/wp-json\/wp\/v2\/media?parent=609"}],"wp:term":[{"taxonomy":"category","embeddable":true,"href":"https:\/\/www.gomezcruzado.com\/en\/wp-json\/wp\/v2\/categories?post=609"},{"taxonomy":"post_tag","embeddable":true,"href":"https:\/\/www.gomezcruzado.com\/en\/wp-json\/wp\/v2\/tags?post=609"}],"curies":[{"name":"wp","href":"https:\/\/api.w.org\/{rel}","templated":true}]}}