{"id":614,"date":"2019-11-27T23:31:00","date_gmt":"2019-11-27T23:31:00","guid":{"rendered":"http:\/\/www.gomezcruzado.com\/?p=614"},"modified":"2020-12-12T23:35:43","modified_gmt":"2020-12-12T23:35:43","slug":"josep-roca-sera-el-maquinista-del-ano-de-la-cata-del-barrio-de-la-estacion-2020","status":"publish","type":"post","link":"https:\/\/www.gomezcruzado.com\/en\/noticias\/josep-roca-sera-el-maquinista-del-ano-de-la-cata-del-barrio-de-la-estacion-2020\/","title":{"rendered":"JOSEP ROCA SER\u00c1 EL MAQUINISTA DEL A\u00d1O DE LA CATA DEL BARRIO DE LA ESTACI\u00d3N 2020"},"content":{"rendered":"\n<p>La&nbsp;<strong>CATA DEL BARRIO DE LA ESTACI\u00d3N<\/strong>&nbsp;regresa el pr\u00f3ximo&nbsp;<strong>20 de junio de 2020<\/strong>&nbsp;y nuevamente contar\u00e1 con una personalidad relevante del sector del vino y la gastronom\u00eda que asumir\u00e1 el t\u00edtulo de&nbsp;<strong>MAQUINISTA DEL A\u00d1O<\/strong>. Para la pr\u00f3xima edici\u00f3n, el sumiller del triestrellado&nbsp;<strong>CELLER DE CAN ROCA, Josep Roca<\/strong>, ser\u00e1 el encargado de guiar y conducir la gran cita enogastron\u00f3mica del pr\u00f3ximo a\u00f1o.<\/p>\n\n\n\n<p>\u201cEstoy muy contento y feliz de ser el&nbsp;<strong>MAQUINISTA DEL A\u00d1O<\/strong>&nbsp;de&nbsp;<strong>LA CATA DEL BARRIO DE LA ESTACI\u00d3N 2020<\/strong>. Esta cita es imprescindible para todos los amantes del vino y de la gastronom\u00eda en todo el mundo y es una fecha que todos debemos guardar en nuestro calendario para vivirlo por todo lo alto, rodeados de grandes referencias que forman parte de la historia del vino de Rioja y del vino espa\u00f1ol\u201d afirma&nbsp;<strong>Josep Roca.<\/strong><\/p>\n\n\n\n<p>Una de las grandes novedades de la edici\u00f3n ser\u00e1 la exclusiva cata que el propio&nbsp;<strong>Josep Roca<\/strong>&nbsp;realizar\u00e1 un d\u00eda antes de la cita, el&nbsp;<strong>19 de junio<\/strong>. Ser\u00e1 una&nbsp;<strong>masterclass<\/strong>&nbsp;in\u00e9dita a la que solo se podr\u00e1 acceder con una&nbsp;<strong>entrada independiente a la del 20 de junio<\/strong>, que se podr\u00e1 adquirir pr\u00f3ximamente a trav\u00e9s de la p\u00e1gina web del evento:&nbsp;<a href=\"https:\/\/www.lacatadelbarriodelaestacion.com\/\">www.lacatadelbarriodelaestacion.com<\/a><\/p>\n\n\n\n<p>Los<strong>&nbsp;Masters of Wine Sarah Jane Evans<\/strong>(2018),&nbsp;<strong>Pedro Ballesteros<\/strong>&nbsp;(2016) y&nbsp;<strong>Tim Atkin<\/strong>(2015) fueron los encargados de dirigir las tres anteriores ediciones de<strong>&nbsp;LA CATA DEL BARRIO DE LA ESTACI\u00d3N<\/strong>. Cada uno de ellos dej\u00f3 su sello en el&nbsp;<strong>Barrio<\/strong>&nbsp;y convirti\u00f3 cada una de sus respectivas ediciones en una cita inolvidable.<\/p>\n\n\n\n<p><strong>Biograf\u00eda Josep Roca<\/strong><\/p>\n\n\n\n<p><strong>Josep Roca<\/strong>&nbsp;(Girona, 1966) es ma\u00eetre-sumiller y copropietario de&nbsp;<strong>EL CELLER DE CAN ROCA<\/strong>(3* Michelin, Girona). Creci\u00f3 con sus dos hermanos \u2013 Joan y Jordi, chef y repostero respectivamente \u2013 entre los platos y fogones del restaurante de sus padres, CAN ROCA, donde floreci\u00f3 la pasi\u00f3n por la gastronom\u00eda. En 1985 termin\u00f3 los estudios en l\u2019Escola d\u2019Hosteleria de Girona y, al a\u00f1o siguiente, junto a su hermano Joan, abri\u00f3 EL CELLER DE CAN ROCA en un local adyacente. En 1995 lleg\u00f3 la primera estrella Michelin y, ya en 2002, la segunda. Obtuvieron el&nbsp;<strong>Premio Nacional de Gastronom\u00eda<\/strong>&nbsp;en 2004. En 2009 lograron conquistar la tercera estrella, el mismo a\u00f1o en que&nbsp;<strong>Josep Roca<\/strong>&nbsp;public\u00f3 el libro Vins Compartits junto al periodista Marcel Gorgori, con el que colabor\u00f3 en el programa En Clau de Vi del Canal 33. En el a\u00f1o 2012, recibieron el galard\u00f3n a la&nbsp;<strong>Mejor Carta de Vinos de la Revue du Vin de France<\/strong>, as\u00ed como el de<strong>&nbsp;Personajes del A\u00f1o<\/strong>. Tanto en 2005 como en 2011, Josep alcanz\u00f3 el&nbsp;<strong>Prix Internacional de Gastronomia al sumiller del a\u00f1o<\/strong>, adem\u00e1s del&nbsp;<strong>Premio Nacional de Gastronom\u00eda como Mejor Sumiller<\/strong>&nbsp;en 2010. Durante los a\u00f1os 2013 y 2015, Restaurant Magazine nombr\u00f3&nbsp;<strong>EL CELLER DE CAN ROCA<\/strong>&nbsp;como el mejor restaurante del mundo, mientras que en 2013 fue considerado&nbsp;<strong>The S. Pellegrino World\u2019s Best Restaurant<\/strong>, a\u00f1o en el que tambi\u00e9n gan\u00f3 el&nbsp;<strong>Premio Guerid\u00f3n de Oro<\/strong>.<\/p>\n\n\n\n<p><strong>La Cata del Barrio de la Estaci\u00f3n<\/strong><\/p>\n\n\n\n<p>Cada dos a\u00f1os, el<strong>\u00a0BARRIO DE LA ESTACI\u00d3N<\/strong> abre sus puertas con una gran celebraci\u00f3n que re\u00fane a las bodegas\u00a0<strong>CVNE, G\u00d3MEZ CRUZADO, LA RIOJA ALTA S.A., VI\u00d1A POMAL BODEGAS BILBA\u00cdNAS, BODEGAS MUGA y BODEGAS RODA<\/strong>, en una jornada sin parang\u00f3n donde el vino y la gastronom\u00eda de la\u00a0<strong>DOCa Rioja<\/strong>\u00a0son los aut\u00e9nticos protagonistas. Despu\u00e9s de tres exitosas ediciones, las bodegas vuelven a situar el\u00a0<strong>Barrio<\/strong>\u00a0en el calendario de eventos enogastron\u00f3micos para el 2020. Asimismo, la cita ha sido muy bien acogida por la prensa y cr\u00edtica nacional e internacional, llegando a ganar el premio\u00a0<strong>\u201cBest of\u201d<\/strong>\u00a0a la mejor iniciativa enotur\u00edstica que concede la red internacional de grandes ciudades del vino<strong>\u00a0\u201cGreat Wine Capitals\u201d<\/strong>\u00a0en 2015; el\u00a0<strong>Premio a la Mejor Experiencia Enotur\u00edstica<\/strong>\u00a0en los<strong>\u00a0International Wine Challenge Awards Spain<\/strong>\u00a0y el\u00a0<strong>Premio Rioja Capital<\/strong>\u00a0a la<strong>\u00a0Iniciativa Singular<\/strong>\u00a0vinculada a los recursos agroalimentarios otorgado por el\u00a0<strong>Gobierno de La Rioja<\/strong>\u00a0en 2016; y, el m\u00e1s reciente, el t\u00edtulo a\u00a0<strong>Mejor Iniciativa Enotur\u00edstica 2018<\/strong>\u00a0de las\u00a0<strong>Rutas del Vino de Espa\u00f1a<\/strong>.<\/p>\n","protected":false},"excerpt":{"rendered":"<p>El sumiller del triestrellado Celler de Can Roca ser\u00e1 el portavoz oficial del gran evento enogastron\u00f3mico y dirigir\u00e1 una exclusiva masterclass el 19 de junio como pistoletazo de salida a la nueva edici\u00f3n de La Cata del Barrio de la Estaci\u00f3n.<\/p>\n","protected":false},"author":1,"featured_media":616,"comment_status":"open","ping_status":"open","sticky":false,"template":"","format":"standard","meta":{"_acf_changed":false,"footnotes":""},"categories":[26],"tags":[],"class_list":["post-614","post","type-post","status-publish","format-standard","has-post-thumbnail","hentry","category-noticias"],"acf":[],"_links":{"self":[{"href":"https:\/\/www.gomezcruzado.com\/en\/wp-json\/wp\/v2\/posts\/614","targetHints":{"allow":["GET"]}}],"collection":[{"href":"https:\/\/www.gomezcruzado.com\/en\/wp-json\/wp\/v2\/posts"}],"about":[{"href":"https:\/\/www.gomezcruzado.com\/en\/wp-json\/wp\/v2\/types\/post"}],"author":[{"embeddable":true,"href":"https:\/\/www.gomezcruzado.com\/en\/wp-json\/wp\/v2\/users\/1"}],"replies":[{"embeddable":true,"href":"https:\/\/www.gomezcruzado.com\/en\/wp-json\/wp\/v2\/comments?post=614"}],"version-history":[{"count":1,"href":"https:\/\/www.gomezcruzado.com\/en\/wp-json\/wp\/v2\/posts\/614\/revisions"}],"predecessor-version":[{"id":618,"href":"https:\/\/www.gomezcruzado.com\/en\/wp-json\/wp\/v2\/posts\/614\/revisions\/618"}],"wp:featuredmedia":[{"embeddable":true,"href":"https:\/\/www.gomezcruzado.com\/en\/wp-json\/wp\/v2\/media\/616"}],"wp:attachment":[{"href":"https:\/\/www.gomezcruzado.com\/en\/wp-json\/wp\/v2\/media?parent=614"}],"wp:term":[{"taxonomy":"category","embeddable":true,"href":"https:\/\/www.gomezcruzado.com\/en\/wp-json\/wp\/v2\/categories?post=614"},{"taxonomy":"post_tag","embeddable":true,"href":"https:\/\/www.gomezcruzado.com\/en\/wp-json\/wp\/v2\/tags?post=614"}],"curies":[{"name":"wp","href":"https:\/\/api.w.org\/{rel}","templated":true}]}}