{"id":652,"date":"2019-07-05T00:03:00","date_gmt":"2019-07-05T00:03:00","guid":{"rendered":"http:\/\/www.gomezcruzado.com\/?p=652"},"modified":"2020-12-13T00:04:19","modified_gmt":"2020-12-13T00:04:19","slug":"gomez-cruzado-sera-nuevamente-el-vino-oficial-del-ezcaray-fest-2019-del-19-al-21-de-julio","status":"publish","type":"post","link":"https:\/\/www.gomezcruzado.com\/en\/noticias\/gomez-cruzado-sera-nuevamente-el-vino-oficial-del-ezcaray-fest-2019-del-19-al-21-de-julio\/","title":{"rendered":"G\u00d3MEZ CRUZADO SER\u00c1 NUEVAMENTE EL VINO OFICIAL DEL EZCARAY FEST 2019 DEL 19 AL 21 DE JULIO"},"content":{"rendered":"\n<p><strong>G\u00d3MEZ CRUZADO<\/strong>&nbsp;ser\u00e1 nuevamente el vino oficial de la tercera edici\u00f3n del&nbsp;<strong><a href=\"https:\/\/www.ezcarayfest.com\/\">EZCARAY FEST<\/a>&nbsp;#EzcarayFest19<\/strong>, que se celebrar\u00e1 del 19 al 21 de julio en la localidad de La Rioja como el festival de rock referente de la regi\u00f3n. La banda navarra&nbsp;<strong>Berri Txarrak<\/strong>&nbsp;en su gira de despedida encabeza un cartel en el que la m\u00fasica llenar\u00e1 Ezcaray con los&nbsp;<strong>\u2018Verm\u00fas Rockeros\u2019<\/strong>&nbsp;de&nbsp;<strong>G\u00d3MEZ CRUZADO<\/strong>&nbsp;en la Plaza de la Verdura y la Plaza del Quiosco, as\u00ed como los conciertos en los escenarios oficiales del festival del Parque Tenorio y la Real F\u00e1brica.<\/p>\n\n\n\n<p><a href=\"https:\/\/www.ezcarayfest.com\/\"><strong>EZCARAY FEST&nbsp;<\/strong><\/a>se consolida en el calendario con una cifra de 10.000 asistentes en las dos primeras ediciones. \u201cQueremos convertirnos en festival referente en la zona norte de Espa\u00f1a que coloque a La Rioja en el mapa nacional de los festivales de m\u00fasica independiente y rock y, a la vez, permita generar empleo y activar el turismo\u201d, subraya la promotora musical&nbsp;<strong>Rock Tr\u00edo<\/strong>(Promociones Musicales Iregua), organizadora del&nbsp;<a href=\"https:\/\/www.ezcarayfest.com\/\"><strong>EZCARAY FEST.<\/strong><\/a><\/p>\n\n\n\n<p><a href=\"https:\/\/www.ezcarayfest.com\/\"><strong>EZCARAY FEST&nbsp;<\/strong><\/a>es un festival con mente abierta en lo musical, con protagonismo del rock, pero tambi\u00e9n con pop, blues, folk y sonido independiente. \u201cDesde&nbsp;<strong>G\u00d3MEZ CRUZADO&nbsp;<\/strong>apoyamos la cultura en todas sus manifestaciones. Por ello revalidamos nuestro compromiso con un festival de impecable factura, con apetecible cartel y con mucha vida por delante. Y consolidamos nuestra relaci\u00f3n con Ezcaray que refleja todo lo mejor que Rioja ofrece en naturaleza, cultura y gastronom\u00eda \u201d, subraya David Gonz\u00e1lez, en\u00f3logo de&nbsp;<strong>G\u00d3MEZ CRUZADO.<\/strong><\/p>\n\n\n\n<p>El power pop de<strong>&nbsp;Garbayo<\/strong>&nbsp;yel rock de<strong>&nbsp;Los Brazos&nbsp;<\/strong>y&nbsp;<strong>Los Deltonos<\/strong>&nbsp;inauguran el cartel de&nbsp;<a href=\"https:\/\/www.ezcarayfest.com\/\"><strong>EZCARAY FEST 2019<\/strong><\/a>&nbsp;el 19 de julio en el Parque Tenorio con conciertos de acceso gratuito desde las 20.00 horas. A ellos se sumar\u00e1n el s\u00e1bado 20 la banda navarra&nbsp;<strong>Berri Txarrak<\/strong>&nbsp;en su gira de despedida tras 25 a\u00f1os en los escenarios; la formaci\u00f3n de R&amp;R&nbsp;<strong>Los Zigarros<\/strong>, el cantate y compositor&nbsp;<strong>Tarque&nbsp;<\/strong>-vocalista de M Clan, con su primer disco en solitario- y el punk rock de los suecos&nbsp;<strong>The Baboon Show&nbsp;<\/strong>con conciertos en el escenario principal El Naturalista en la Real F\u00e1brica desde las 19.30 horas.<\/p>\n\n\n\n<p>La banda barcelonesa de pop-rock&nbsp;<strong>The Crab Apples&nbsp;<\/strong>estrenalos&nbsp;<strong>\u2018Verm\u00fas Rockeros\u2019<\/strong>&nbsp;de&nbsp;<strong>G\u00d3MEZ CRUZADO<\/strong>&nbsp;de acceso gratuito el s\u00e1bado 20 de julio en la Plaza de la Verdura a las 12.30 horas. Preceden a&nbsp;<strong>Messura<\/strong>, quienes presentar\u00e1n su EP Oto\u00f1o XVII en el mismo escenario y d\u00eda. El domingo 21 de julio los&nbsp;<strong>\u2018Verm\u00fas Rockeros\u2019<\/strong>&nbsp;se mudan a la Plaza del Quiosco a las 13.30 horas con&nbsp;<strong>Silo\u00e9<\/strong>, un proyecto a caballo entre el pop de autor y el rock de guitarras y que ha recibido elogios de m\u00fasicos de estilos tan opuestos como Xoel L\u00f3pez, Carla Morrison o Alejandro Sanz.<\/p>\n\n\n\n<p>Las \u00faltimas entradas a la venta para los conciertos del d\u00eda 20 de julio est\u00e1n a la venta en la web oficial&nbsp;<a href=\"http:\/\/www.ezcarayfest.com\/\">www.ezcarayfest.com<\/a>y en&nbsp;<a href=\"http:\/\/www.ticketmaster.es\/\">www.ticketmaster.es<\/a>&nbsp;a un precio de 30 euros + gastos de emisi\u00f3n.<\/p>\n\n\n\n<p><a href=\"https:\/\/www.ezcarayfest.com\/\"><strong>EZCARAY FEST<\/strong><\/a>&nbsp;cuenta con la colaboraci\u00f3n p\u00fablica del Gobierno de La Rioja, el Ayuntamiento de Ezcaray, La Rioja Turismo y el Instituto Riojano de la Juventud (IRJ).El IRJ pondr\u00e1 a disposici\u00f3n una&nbsp;<strong>l\u00ednea de autob\u00fas gratuita<\/strong>&nbsp;que saldr\u00e1 el viernes 19 y s\u00e1bado 20 de julio desde la estaci\u00f3n de autobuses de Logro\u00f1o a las 17:30 horas y 17:15 respectivamente, recoger\u00e1 a los j\u00f3venes que quieran acudir al festival en las localidades de Santo Domingo de La Calzada, Haro y N\u00e1jera Los interesados pueden reservar en el tel\u00e9fono 900.200.272 a por correo electr\u00f3nico&nbsp;<a href=\"mailto:info.juventud@larioja.org\">info.juventud@larioja.org<\/a>. Para ello ser\u00e1 necesario disponer de entrada para el concierto y de Carn\u00e9 Joven.<\/p>\n","protected":false},"excerpt":{"rendered":"<p>La bodega patrocina una edici\u00f3n m\u00e1s los verm\u00fas rockeros gratuitos que se celebrar\u00e1n en la Plaza de la Verdura y la Plaza del Quiosco de la localidad riojana<\/p>\n","protected":false},"author":1,"featured_media":653,"comment_status":"open","ping_status":"open","sticky":false,"template":"","format":"standard","meta":{"_acf_changed":false,"footnotes":""},"categories":[26],"tags":[],"class_list":["post-652","post","type-post","status-publish","format-standard","has-post-thumbnail","hentry","category-noticias"],"acf":[],"_links":{"self":[{"href":"https:\/\/www.gomezcruzado.com\/en\/wp-json\/wp\/v2\/posts\/652","targetHints":{"allow":["GET"]}}],"collection":[{"href":"https:\/\/www.gomezcruzado.com\/en\/wp-json\/wp\/v2\/posts"}],"about":[{"href":"https:\/\/www.gomezcruzado.com\/en\/wp-json\/wp\/v2\/types\/post"}],"author":[{"embeddable":true,"href":"https:\/\/www.gomezcruzado.com\/en\/wp-json\/wp\/v2\/users\/1"}],"replies":[{"embeddable":true,"href":"https:\/\/www.gomezcruzado.com\/en\/wp-json\/wp\/v2\/comments?post=652"}],"version-history":[{"count":1,"href":"https:\/\/www.gomezcruzado.com\/en\/wp-json\/wp\/v2\/posts\/652\/revisions"}],"predecessor-version":[{"id":655,"href":"https:\/\/www.gomezcruzado.com\/en\/wp-json\/wp\/v2\/posts\/652\/revisions\/655"}],"wp:featuredmedia":[{"embeddable":true,"href":"https:\/\/www.gomezcruzado.com\/en\/wp-json\/wp\/v2\/media\/653"}],"wp:attachment":[{"href":"https:\/\/www.gomezcruzado.com\/en\/wp-json\/wp\/v2\/media?parent=652"}],"wp:term":[{"taxonomy":"category","embeddable":true,"href":"https:\/\/www.gomezcruzado.com\/en\/wp-json\/wp\/v2\/categories?post=652"},{"taxonomy":"post_tag","embeddable":true,"href":"https:\/\/www.gomezcruzado.com\/en\/wp-json\/wp\/v2\/tags?post=652"}],"curies":[{"name":"wp","href":"https:\/\/api.w.org\/{rel}","templated":true}]}}