{"id":660,"date":"2019-06-21T00:08:00","date_gmt":"2019-06-21T00:08:00","guid":{"rendered":"http:\/\/www.gomezcruzado.com\/?p=660"},"modified":"2020-12-13T00:09:30","modified_gmt":"2020-12-13T00:09:30","slug":"cerro-las-cuevas-y-pancrudo-de-la-seleccion-terroir-de-gomez-cruzado-estrenan-anada-2017","status":"publish","type":"post","link":"https:\/\/www.gomezcruzado.com\/en\/noticias\/cerro-las-cuevas-y-pancrudo-de-la-seleccion-terroir-de-gomez-cruzado-estrenan-anada-2017\/","title":{"rendered":"CERRO LAS CUEVAS Y PANCRUDO, DE LA SELECCI\u00d3N TERROIR DE G\u00d3MEZ CRUZADO, ESTRENAN A\u00d1ADA 2017"},"content":{"rendered":"\n<p><strong>G\u00d3MEZ CRUZADO<\/strong>&nbsp;estrena en el mercado la a\u00f1ada 2017 de&nbsp;<a href=\"http:\/\/www.gomezcruzado.com\/vinos-de-rioja\/seleccion-terroir\/cerro-las-cuevas\/11\/es\"><strong>CERRO LAS CUEVAS<\/strong><\/a>&nbsp;y&nbsp;<strong><a href=\"http:\/\/www.gomezcruzado.com\/vinos-de-rioja\/seleccion-terroir\/pancrudo\/4\/es\">PANCRUDO<\/a>,&nbsp;<\/strong>representantes de la&nbsp;<strong>SELECCI\u00d3N TERROIR<\/strong>&nbsp;de la bodega del&nbsp;<strong>Barrio de la Estaci\u00f3n<\/strong>&nbsp;de&nbsp;<strong>Haro<\/strong>, con una edici\u00f3n limitada respectivamente de 5.339 botellas y 5.527 botellas (0,75 cl), as\u00ed como 200 magnums de cada uno de los vinos.<\/p>\n\n\n\n<p>Reflejo de la evoluci\u00f3n del proyecto de&nbsp;<strong>G\u00d3MEZ CRUZADO&nbsp;<\/strong>es el aumento progresivo de vi\u00f1edo en propiedad. As\u00ed, la a\u00f1ada 2017 de&nbsp;<a href=\"http:\/\/www.gomezcruzado.com\/vinos-de-rioja\/seleccion-terroir\/cerro-las-cuevas\/11\/es\"><strong>CERRO LAS CUEVAS<\/strong><\/a>&nbsp;se elabora a partir de las uvas procedentes de sus vi\u00f1as&nbsp;<strong>LAS LADERAS<\/strong>&nbsp;y&nbsp;<strong>CALITRANCOS<\/strong>, en&nbsp;<strong>Ollauri<\/strong>, en&nbsp;<strong>Rioja Alta<\/strong>.<\/p>\n\n\n\n<p><strong>LAS LADERAS<\/strong>&nbsp;es un reducto de la viticultura heroica de Rioja por su orograf\u00eda de paisaje en terrazas que exige la realizaci\u00f3n manual de todos los trabajos y en el que conviven todas las variedades tradicionales de Rioja &#8211;<strong>Tempranillo<\/strong>&nbsp;mayoritariamente, pero tambi\u00e9n&nbsp;<strong>Graciano<\/strong>,&nbsp;<strong>Mazuelo<\/strong>&nbsp;y&nbsp;<strong>Garnacha<\/strong>&#8211; sobre pendientes que alcanzan hasta el 50 por ciento.<\/p>\n\n\n\n<p>En el vi\u00f1edo casi centenario de&nbsp;<strong>LAS LADERAS<\/strong>, cultivado en marco muy estrecho, cohabitan los suelos calizos caracter\u00edsticos de Rioja Alta en la parte inferior de la parcela con suelos de superficie de canto rodado propios de las zonas de p\u00e1ramo en su parte m\u00e1s alta, all\u00ed donde se obtienen las uvas destinadas a&nbsp;<strong><a href=\"http:\/\/www.gomezcruzado.com\/vinos-de-rioja\/seleccion-terroir\/cerro-las-cuevas\/11\/es\">CERRO LAS CUEVAS<\/a>.&nbsp;<\/strong>Estos suelos aportan finura de taninos y un vigor muy controlado. El vi\u00f1edo&nbsp;<strong>CALITRANCOS<\/strong>&nbsp;ofrece un suelo calizo m\u00e1s arenoso en superficie, con cepas que est\u00e1n incluso hincadas sobre lastra caliza. Las caracter\u00edsticas del terru\u00f1o definen vinos con profundidad y concentraci\u00f3n.<\/p>\n\n\n\n<p><a href=\"http:\/\/www.gomezcruzado.com\/vinos-de-rioja\/seleccion-terroir\/pancrudo\/4\/es\"><strong>PANCRUDO<\/strong>&nbsp;<\/a>nace en el vi\u00f1edo viejo de Badar\u00e1n, en el&nbsp;<strong>valle del Alto Najerilla<\/strong>, un paisaje de pre-monta\u00f1a con clima continental extremo. Una&nbsp;<strong>zona muy fr\u00eda e inusual<\/strong>&nbsp;para el cultivo de la&nbsp;<strong>Garnacha<\/strong>, variedad que muestra su expresi\u00f3n m\u00e1s singular, delicada y sutil en este territorio hist\u00f3ricamente de claretes, redescubierto para la obtenci\u00f3n de tintos de gran finura, frescura y frutosidad.<\/p>\n\n\n\n<p><strong>2017: \u201cel a\u00f1o de la helada\u201d<\/strong><\/p>\n\n\n\n<p>La a\u00f1ada 2017 se conocer\u00e1 como \u201cel a\u00f1o de la helada\u201d Esta circunstancia marc\u00f3 definitivamente todo el manejo del cultivo en el ciclo vegetativo. La escasa producci\u00f3n y la sequ\u00eda veraniega hicieron que todo el trabajo de campo estuviese destinado a evitar la p\u00e9rdida de frescura en los diferentes vinos. Tras la vendimia m\u00e1s temprana conocida en Rioja, el resultado final fue excepcional, con vinos muy fragantes y equilibrados, entre otras cosas gracias al car\u00e1cter fresco donde est\u00e1n ubicados nuestros vi\u00f1edos. La contrapartida es que fue una a\u00f1ada corta, con un rendimiento medio inferior al habitual.<\/p>\n\n\n\n<p><strong>G\u00d3MEZ CRUZADO<\/strong>&nbsp;explora en su&nbsp;<strong>SELECCI\u00d3N TERROIR<\/strong>&nbsp;-a la que pertenecen&nbsp;<a href=\"http:\/\/www.gomezcruzado.com\/vinos-de-rioja\/seleccion-terroir\/cerro-las-cuevas\/11\/es\"><strong>CERRO LAS CUEVAS<\/strong><\/a>&nbsp;y&nbsp;<a href=\"http:\/\/www.gomezcruzado.com\/vinos-de-rioja\/seleccion-terroir\/pancrudo\/4\/es\"><strong>PANCRUDO<\/strong><\/a>&#8211; la diversidad del valle que conforma la regi\u00f3n geogr\u00e1fica de La Rioja con la inquietud de mostrar la expresi\u00f3n de terru\u00f1os muy concretos, con caracter\u00edsticas realmente \u00fanicas y singulares respecto al resto, en una denominaci\u00f3n de origen heterog\u00e9nea y rica en matices. Son vinos enraizados en el paisaje y paisanaje de las peque\u00f1as \u2018riojas\u2019 especiales que merecen ser retratadas y que revelan la impronta del lugar.<\/p>\n","protected":false},"excerpt":{"rendered":"<p>Tras la vendimia m\u00e1s temprana conocida en Rioja, el resultado final fue excepcional, con vinos muy fragantes y equilibrados, gracias al car\u00e1cter fresco donde est\u00e1n ubicados los vi\u00f1edos de G\u00f3mez Cruzado<\/p>\n","protected":false},"author":1,"featured_media":661,"comment_status":"open","ping_status":"open","sticky":false,"template":"","format":"standard","meta":{"_acf_changed":false,"footnotes":""},"categories":[26],"tags":[],"class_list":["post-660","post","type-post","status-publish","format-standard","has-post-thumbnail","hentry","category-noticias"],"acf":[],"_links":{"self":[{"href":"https:\/\/www.gomezcruzado.com\/en\/wp-json\/wp\/v2\/posts\/660","targetHints":{"allow":["GET"]}}],"collection":[{"href":"https:\/\/www.gomezcruzado.com\/en\/wp-json\/wp\/v2\/posts"}],"about":[{"href":"https:\/\/www.gomezcruzado.com\/en\/wp-json\/wp\/v2\/types\/post"}],"author":[{"embeddable":true,"href":"https:\/\/www.gomezcruzado.com\/en\/wp-json\/wp\/v2\/users\/1"}],"replies":[{"embeddable":true,"href":"https:\/\/www.gomezcruzado.com\/en\/wp-json\/wp\/v2\/comments?post=660"}],"version-history":[{"count":1,"href":"https:\/\/www.gomezcruzado.com\/en\/wp-json\/wp\/v2\/posts\/660\/revisions"}],"predecessor-version":[{"id":663,"href":"https:\/\/www.gomezcruzado.com\/en\/wp-json\/wp\/v2\/posts\/660\/revisions\/663"}],"wp:featuredmedia":[{"embeddable":true,"href":"https:\/\/www.gomezcruzado.com\/en\/wp-json\/wp\/v2\/media\/661"}],"wp:attachment":[{"href":"https:\/\/www.gomezcruzado.com\/en\/wp-json\/wp\/v2\/media?parent=660"}],"wp:term":[{"taxonomy":"category","embeddable":true,"href":"https:\/\/www.gomezcruzado.com\/en\/wp-json\/wp\/v2\/categories?post=660"},{"taxonomy":"post_tag","embeddable":true,"href":"https:\/\/www.gomezcruzado.com\/en\/wp-json\/wp\/v2\/tags?post=660"}],"curies":[{"name":"wp","href":"https:\/\/api.w.org\/{rel}","templated":true}]}}